{"id":4252,"date":"2025-01-03T16:14:18","date_gmt":"2025-01-03T16:14:18","guid":{"rendered":"https:\/\/parks.indy.gov\/?p=4252"},"modified":"2025-04-02T18:09:26","modified_gmt":"2025-04-02T18:09:26","slug":"mindfulness-at-indy-parks","status":"publish","type":"post","link":"https:\/\/parks.indy.gov\/es\/mindfulness-at-indy-parks\/","title":{"rendered":"Atenci\u00f3n plena en los parques de Indian\u00e1polis"},"content":{"rendered":"<p>Salir al parque de tu localidad y tomarte un tiempo para ser consciente es una excelente manera de apoyar tu salud mental. Organizamos varios programas durante el a\u00f1o para apoyar la atenci\u00f3n plena en Indy Parks. <br>\u2060<br>Echa un vistazo a algunos de estos pr\u00f3ximos programas que se centran en la atenci\u00f3n plena y la reflexi\u00f3n:<\/p>\n\n\n\n<h2 class=\"wp-block-heading\">Caminata con un naturalista en Eagle Creek Park<\/h2>\n\n\n\n<p>Traiga su curiosidad y sus preguntas sobre la naturaleza y acompa\u00f1e a un naturalista en un paseo informal por el circuito Pin Oak de 800 metros, ubicado frente al Centro de Descubrimiento de la Tierra Eagle Creek. Buscaremos se\u00f1ales de vida silvestre, identificaremos plantas y exploraremos los cambios de estaci\u00f3n.<\/p>\n\n\n\n<p><strong>Primer viernes de cada mes, de 9 a 10 h.<\/strong> | <a href=\"https:\/\/anc.apm.activecommunities.com\/indyparks\/activity\/search?onlineSiteId=0&amp;activity_select_param=2&amp;activity_keyword=Walk%20with%20a%20naturalist&amp;viewMode=list\">Conozca m\u00e1s sobre el programa Camina con un Naturalista.<\/a><\/p>\n\n\n\n<h2 class=\"wp-block-heading\">Meditaci\u00f3n de ba\u00f1o de sonido en Rhodius Park<\/h2>\n\n\n\n<p>\u00bfQuieres relajarte y recargar energ\u00edas? Date un tiempo para relajarte con una meditaci\u00f3n comunitaria de ba\u00f1o de sonido con Tranquil Tones (dirigida por Lydia). Este evento es gratuito y apto para todas las edades. \u00a1Trae tu propia manta, tapete de yoga o almohada para ponerte c\u00f3modo!<\/p>\n\n\n\n<p><strong>17 de abril, 17:30-18:30 horas<\/strong> | <a href=\"https:\/\/anc.apm.activecommunities.com\/indyparks\/activity\/search?onlineSiteId=0&amp;activity_select_param=2&amp;activity_keyword=Sound%20bath&amp;viewMode=list\">Obtenga m\u00e1s informaci\u00f3n sobre el evento de Meditaci\u00f3n de Ba\u00f1o de Sonido en Rhodius y otros eventos similares.<\/a><\/p>\n\n\n\n<h2 class=\"wp-block-heading\">Yoga, meditaci\u00f3n y atenci\u00f3n plena en el parque Frederick Douglass<\/h2>\n\n\n\n<p>Yoga para principiantes, meditaci\u00f3n, di\u00e1logo consciente y comunidad todos los s\u00e1bados. \u00a1Todos son bienvenidos!<\/p>\n\n\n\n<p><strong>S\u00e1bados, 9:30 a. m. a 12 p. m.<\/strong> | <a href=\"https:\/\/anc.apm.activecommunities.com\/indyparks\/activity\/search\/detail\/29666?onlineSiteId=0&amp;from_original_cui=true\">Obtenga m\u00e1s informaci\u00f3n sobre el programa de yoga en Douglass.<\/a><\/p>\n\n\n\n<h2 class=\"wp-block-heading\">Yoga comunitario en el Centro Familiar Garfield Park Burrello<\/h2>\n\n\n\n<p>Pr\u00e1ctica gratuita, ideal para principiantes, de movimiento, respiraci\u00f3n y meditaci\u00f3n que te har\u00e1 sentir bien. No se requieren conocimientos, experiencia ni habilidad f\u00edsica especiales.<\/p>\n\n\n\n<p><strong>Lunes, 6:30-7:30pm <\/strong>| <a href=\"https:\/\/www.google.com\/search?q=garfield+parl+family+ce+nter&amp;rlz=1C1GCEA_enUS1115US1115&amp;oq=garfield+parl+family+ce+nter&amp;gs_lcrp=EgZjaHJvbWUyBggAEEUYOTISCAEQLhgNGK8BGMcBGIAEGI4FMgoIAhAAGAgYDRgeMg0IAxAAGIYDGIAEGIoFMg0IBBAAGIYDGIAEGIoFMg0IBRAAGIYDGIAEGIoFMg0IBhAAGIYDGIAEGIoFMg0IBxAAGIYDGIAEGIoFMgoICBAAGIAEGKIE0gEINDIwOGowajSoAgCwAgA&amp;sourceid=chrome&amp;ie=UTF-8\">Obtenga m\u00e1s informaci\u00f3n sobre yoga en Garfield Park.<\/a><\/p>","protected":false},"excerpt":{"rendered":"","protected":false},"author":26,"featured_media":4253,"comment_status":"closed","ping_status":"closed","sticky":false,"template":"","format":"standard","meta":{"_acf_changed":false,"footnotes":""},"press-release-topics":[],"press-release-type":[],"class_list":["post-4252","post","type-post","status-publish","format-standard","has-post-thumbnail","hentry"],"acf":[],"yoast_head":"<!-- This site is optimized with the Yoast SEO plugin v27.3 - https:\/\/yoast.com\/product\/yoast-seo-wordpress\/ -->\n<title>Mindfulness at Indy Parks - Indy Parks &amp; Recreation<\/title>\n<meta name=\"description\" content=\"Taking time to be mindful is a great way to support your mental health. \u2060We host several programs to support mindfulness at Indy Parks.\" \/>\n<meta name=\"robots\" content=\"index, follow, max-snippet:-1, max-image-preview:large, max-video-preview:-1\" \/>\n<link rel=\"canonical\" href=\"https:\/\/parks.indy.gov\/es\/mindfulness-at-indy-parks\/\" \/>\n<meta property=\"og:locale\" content=\"es_ES\" \/>\n<meta property=\"og:type\" content=\"article\" \/>\n<meta property=\"og:title\" content=\"Mindfulness at Indy Parks - Indy Parks &amp; Recreation\" \/>\n<meta property=\"og:description\" content=\"Taking time to be mindful is a great way to support your mental health. \u2060We host several programs to support mindfulness at Indy Parks.\" \/>\n<meta property=\"og:url\" content=\"https:\/\/parks.indy.gov\/es\/mindfulness-at-indy-parks\/\" \/>\n<meta property=\"og:site_name\" content=\"Indy Parks &amp; Recreation\" \/>\n<meta property=\"article:published_time\" content=\"2025-01-03T16:14:18+00:00\" \/>\n<meta property=\"article:modified_time\" content=\"2025-04-02T18:09:26+00:00\" \/>\n<meta property=\"og:image\" content=\"https:\/\/parks.indy.gov\/wp-content\/uploads\/2025\/01\/DSCF1340-scaled.jpg\" \/>\n\t<meta property=\"og:image:width\" content=\"2560\" \/>\n\t<meta property=\"og:image:height\" content=\"1707\" \/>\n\t<meta property=\"og:image:type\" content=\"image\/jpeg\" \/>\n<meta name=\"author\" content=\"Franco, T\u00e9a\" \/>\n<meta name=\"twitter:card\" content=\"summary_large_image\" \/>\n<meta name=\"twitter:label1\" content=\"Written by\" \/>\n\t<meta name=\"twitter:data1\" content=\"Franco, T\u00e9a\" \/>\n\t<meta name=\"twitter:label2\" content=\"Est. reading time\" \/>\n\t<meta name=\"twitter:data2\" content=\"2 minutes\" \/>\n<!-- \/ Yoast SEO plugin. -->","yoast_head_json":{"title":"Mindfulness at Indy Parks - Indy Parks &amp; Recreation","description":"Taking time to be mindful is a great way to support your mental health. \u2060We host several programs to support mindfulness at Indy Parks.","robots":{"index":"index","follow":"follow","max-snippet":"max-snippet:-1","max-image-preview":"max-image-preview:large","max-video-preview":"max-video-preview:-1"},"canonical":"https:\/\/parks.indy.gov\/es\/mindfulness-at-indy-parks\/","og_locale":"es_ES","og_type":"article","og_title":"Mindfulness at Indy Parks - Indy Parks &amp; Recreation","og_description":"Taking time to be mindful is a great way to support your mental health. \u2060We host several programs to support mindfulness at Indy Parks.","og_url":"https:\/\/parks.indy.gov\/es\/mindfulness-at-indy-parks\/","og_site_name":"Indy Parks &amp; Recreation","article_published_time":"2025-01-03T16:14:18+00:00","article_modified_time":"2025-04-02T18:09:26+00:00","og_image":[{"width":2560,"height":1707,"url":"https:\/\/parks.indy.gov\/wp-content\/uploads\/2025\/01\/DSCF1340-scaled.jpg","type":"image\/jpeg"}],"author":"Franco, T\u00e9a","twitter_card":"summary_large_image","twitter_misc":{"Written by":"Franco, T\u00e9a","Est. reading time":"2 minutes"},"schema":{"@context":"https:\/\/schema.org","@graph":[{"@type":"Article","@id":"https:\/\/parks.indy.gov\/mindfulness-at-indy-parks\/#article","isPartOf":{"@id":"https:\/\/parks.indy.gov\/mindfulness-at-indy-parks\/"},"author":{"name":"Franco, T\u00e9a","@id":"https:\/\/parks.indy.gov\/#\/schema\/person\/acc52bb457cd313b5cb757691df5cf4a"},"headline":"Mindfulness at Indy Parks","datePublished":"2025-01-03T16:14:18+00:00","dateModified":"2025-04-02T18:09:26+00:00","mainEntityOfPage":{"@id":"https:\/\/parks.indy.gov\/mindfulness-at-indy-parks\/"},"wordCount":256,"publisher":{"@id":"https:\/\/parks.indy.gov\/#organization"},"image":{"@id":"https:\/\/parks.indy.gov\/mindfulness-at-indy-parks\/#primaryimage"},"thumbnailUrl":"https:\/\/parks.indy.gov\/wp-content\/uploads\/2025\/01\/DSCF1340-scaled.jpg","inLanguage":"es-ES"},{"@type":"WebPage","@id":"https:\/\/parks.indy.gov\/mindfulness-at-indy-parks\/","url":"https:\/\/parks.indy.gov\/mindfulness-at-indy-parks\/","name":"Mindfulness at Indy Parks - Indy Parks &amp; Recreation","isPartOf":{"@id":"https:\/\/parks.indy.gov\/#website"},"primaryImageOfPage":{"@id":"https:\/\/parks.indy.gov\/mindfulness-at-indy-parks\/#primaryimage"},"image":{"@id":"https:\/\/parks.indy.gov\/mindfulness-at-indy-parks\/#primaryimage"},"thumbnailUrl":"https:\/\/parks.indy.gov\/wp-content\/uploads\/2025\/01\/DSCF1340-scaled.jpg","datePublished":"2025-01-03T16:14:18+00:00","dateModified":"2025-04-02T18:09:26+00:00","description":"Taking time to be mindful is a great way to support your mental health. \u2060We host several programs to support mindfulness at Indy Parks.","breadcrumb":{"@id":"https:\/\/parks.indy.gov\/mindfulness-at-indy-parks\/#breadcrumb"},"inLanguage":"es-ES","potentialAction":[{"@type":"ReadAction","target":["https:\/\/parks.indy.gov\/mindfulness-at-indy-parks\/"]}]},{"@type":"ImageObject","inLanguage":"es-ES","@id":"https:\/\/parks.indy.gov\/mindfulness-at-indy-parks\/#primaryimage","url":"https:\/\/parks.indy.gov\/wp-content\/uploads\/2025\/01\/DSCF1340-scaled.jpg","contentUrl":"https:\/\/parks.indy.gov\/wp-content\/uploads\/2025\/01\/DSCF1340-scaled.jpg","width":2560,"height":1707},{"@type":"BreadcrumbList","@id":"https:\/\/parks.indy.gov\/mindfulness-at-indy-parks\/#breadcrumb","itemListElement":[{"@type":"ListItem","position":1,"name":"Home","item":"https:\/\/parks.indy.gov\/"},{"@type":"ListItem","position":2,"name":"Mindfulness at Indy Parks"}]},{"@type":"WebSite","@id":"https:\/\/parks.indy.gov\/#website","url":"https:\/\/parks.indy.gov\/","name":"Parques y recreaci\u00f3n de Indy","description":"Proporcionando experiencias enriquecedoras para todos.","publisher":{"@id":"https:\/\/parks.indy.gov\/#organization"},"potentialAction":[{"@type":"SearchAction","target":{"@type":"EntryPoint","urlTemplate":"https:\/\/parks.indy.gov\/?s={search_term_string}"},"query-input":{"@type":"PropertyValueSpecification","valueRequired":true,"valueName":"search_term_string"}}],"inLanguage":"es-ES"},{"@type":"Organization","@id":"https:\/\/parks.indy.gov\/#organization","name":"Parques y recreaci\u00f3n de Indy","url":"https:\/\/parks.indy.gov\/","logo":{"@type":"ImageObject","inLanguage":"es-ES","@id":"https:\/\/parks.indy.gov\/#\/schema\/logo\/image\/","url":"https:\/\/parks.indy.gov\/wp-content\/uploads\/2023\/03\/Horizontal-Logo-1-e1678482885380.png","contentUrl":"https:\/\/parks.indy.gov\/wp-content\/uploads\/2023\/03\/Horizontal-Logo-1-e1678482885380.png","width":258,"height":79,"caption":"Indy Parks &amp; Recreation"},"image":{"@id":"https:\/\/parks.indy.gov\/#\/schema\/logo\/image\/"}},{"@type":"Person","@id":"https:\/\/parks.indy.gov\/#\/schema\/person\/acc52bb457cd313b5cb757691df5cf4a","name":"Franco, T\u00e9a","image":{"@type":"ImageObject","inLanguage":"es-ES","@id":"https:\/\/secure.gravatar.com\/avatar\/948afead8236cf449ae14262c90e1dcc54c295d6cf389f1e7cb5a8a727fc170a?s=96&d=mm&r=g","url":"https:\/\/secure.gravatar.com\/avatar\/948afead8236cf449ae14262c90e1dcc54c295d6cf389f1e7cb5a8a727fc170a?s=96&d=mm&r=g","contentUrl":"https:\/\/secure.gravatar.com\/avatar\/948afead8236cf449ae14262c90e1dcc54c295d6cf389f1e7cb5a8a727fc170a?s=96&d=mm&r=g","caption":"Franco, T\u00e9a"}}]}},"_links":{"self":[{"href":"https:\/\/parks.indy.gov\/es\/wp-json\/wp\/v2\/posts\/4252","targetHints":{"allow":["GET"]}}],"collection":[{"href":"https:\/\/parks.indy.gov\/es\/wp-json\/wp\/v2\/posts"}],"about":[{"href":"https:\/\/parks.indy.gov\/es\/wp-json\/wp\/v2\/types\/post"}],"author":[{"embeddable":true,"href":"https:\/\/parks.indy.gov\/es\/wp-json\/wp\/v2\/users\/26"}],"replies":[{"embeddable":true,"href":"https:\/\/parks.indy.gov\/es\/wp-json\/wp\/v2\/comments?post=4252"}],"version-history":[{"count":3,"href":"https:\/\/parks.indy.gov\/es\/wp-json\/wp\/v2\/posts\/4252\/revisions"}],"predecessor-version":[{"id":4491,"href":"https:\/\/parks.indy.gov\/es\/wp-json\/wp\/v2\/posts\/4252\/revisions\/4491"}],"wp:featuredmedia":[{"embeddable":true,"href":"https:\/\/parks.indy.gov\/es\/wp-json\/wp\/v2\/media\/4253"}],"wp:attachment":[{"href":"https:\/\/parks.indy.gov\/es\/wp-json\/wp\/v2\/media?parent=4252"}],"wp:term":[{"taxonomy":"press-release-topics","embeddable":true,"href":"https:\/\/parks.indy.gov\/es\/wp-json\/wp\/v2\/press-release-topics?post=4252"},{"taxonomy":"press-release-type","embeddable":true,"href":"https:\/\/parks.indy.gov\/es\/wp-json\/wp\/v2\/press-release-type?post=4252"}],"curies":[{"name":"gracias","href":"https:\/\/api.w.org\/{rel}","templated":true}]}}